{"id":3664,"date":"2019-11-20T07:29:39","date_gmt":"2019-11-20T07:29:39","guid":{"rendered":"https:\/\/ekotoplanebanjaluka.com\/?p=3664"},"modified":"2019-11-20T07:29:39","modified_gmt":"2019-11-20T07:29:39","slug":"servisne-informacije-20-novembar","status":"publish","type":"post","link":"https:\/\/ekotoplanebanjaluka.com\/bs\/servisne-informacije-20-novembar\/","title":{"rendered":"Servisne informacije &#8211; 20. novembar"},"content":{"rendered":"<p>Zbog sanacije kvarova na distributivnoj mre\u017ei, bez grijanja \u0107e biti dijelovi ulica Drage Mali\u0107a, Ive Andri\u0107a, Sime Matavulja, Prvog kraji\u0161kog korpusa i Petra Ko\u010di\u0107a. Tako\u0111e, zbog kvara na mre\u017ei, bez grijanja \u0107e biti i \u017deljezni\u010dka stanica, Po\u0161ta 2 u Bra\u0107e Podgornika 4b i Vodovod na Bulevaru vojvode \u017divojina Mi\u0161i\u0107a 24.<\/p>\n<p>Na\u0161e tehni\u010dke ekipe su na terenu kako bismo \u0161to prije otklonili kvarove i uspostavili redovnu isporuku toplotne energije.<\/p>\n<p>Korisnike molimo za strpljenje i zahvaljujemo na razumijevanju.<\/p>\n","protected":false},"excerpt":{"rendered":"<p>Zbog sanacije kvarova na distributivnoj mre\u017ei, bez grijanja \u0107e biti dijelovi ulica Drage Mali\u0107a, Ive Andri\u0107a, Sime Matavulja, Prvog kraji\u0161kog korpusa i Petra Ko\u010di\u0107a. Tako\u0111e, zbog kvara na mre\u017ei, bez [&hellip;]<\/p>\n","protected":false},"author":4,"featured_media":0,"comment_status":"open","ping_status":"closed","sticky":false,"template":"","format":"standard","meta":{"footnotes":"","_links_to":"","_links_to_target":""},"categories":[117],"tags":[],"class_list":["post-3664","post","type-post","status-publish","format-standard","hentry","category-servisne-informacije"],"_links":{"self":[{"href":"https:\/\/ekotoplanebanjaluka.com\/bs\/wp-json\/wp\/v2\/posts\/3664","targetHints":{"allow":["GET"]}}],"collection":[{"href":"https:\/\/ekotoplanebanjaluka.com\/bs\/wp-json\/wp\/v2\/posts"}],"about":[{"href":"https:\/\/ekotoplanebanjaluka.com\/bs\/wp-json\/wp\/v2\/types\/post"}],"author":[{"embeddable":true,"href":"https:\/\/ekotoplanebanjaluka.com\/bs\/wp-json\/wp\/v2\/users\/4"}],"replies":[{"embeddable":true,"href":"https:\/\/ekotoplanebanjaluka.com\/bs\/wp-json\/wp\/v2\/comments?post=3664"}],"version-history":[{"count":1,"href":"https:\/\/ekotoplanebanjaluka.com\/bs\/wp-json\/wp\/v2\/posts\/3664\/revisions"}],"predecessor-version":[{"id":3665,"href":"https:\/\/ekotoplanebanjaluka.com\/bs\/wp-json\/wp\/v2\/posts\/3664\/revisions\/3665"}],"wp:attachment":[{"href":"https:\/\/ekotoplanebanjaluka.com\/bs\/wp-json\/wp\/v2\/media?parent=3664"}],"wp:term":[{"taxonomy":"category","embeddable":true,"href":"https:\/\/ekotoplanebanjaluka.com\/bs\/wp-json\/wp\/v2\/categories?post=3664"},{"taxonomy":"post_tag","embeddable":true,"href":"https:\/\/ekotoplanebanjaluka.com\/bs\/wp-json\/wp\/v2\/tags?post=3664"}],"curies":[{"name":"wp","href":"https:\/\/api.w.org\/{rel}","templated":true}]}}