{"id":4827,"date":"2021-10-08T14:04:37","date_gmt":"2021-10-08T14:04:37","guid":{"rendered":"https:\/\/ekotoplanebanjaluka.com\/?p=4827"},"modified":"2021-10-08T14:04:37","modified_gmt":"2021-10-08T14:04:37","slug":"predstavnici-grada-posjetili-eko-toplane","status":"publish","type":"post","link":"https:\/\/ekotoplanebanjaluka.com\/bs\/predstavnici-grada-posjetili-eko-toplane\/","title":{"rendered":"Predstavnici Grada posjetili Eko toplane"},"content":{"rendered":"<p>Povodom po\u010detka grijne sezone, predstavnici Grada Banje Luke, predvo\u0111eni \u0161efom Kabineta gradona\u010delnika Vladimirom Gruji\u0107em, posjetili su Eko toplane Banja Luka.<\/p>\n<p>&#8211; Pred po\u010detak grijne sezone \u017eeljeli smo da se uvjerimo da je sve spremno za stavljanje u funkciju sisema daljinskog grijanja i da \u0107e na\u0161i sugra\u0111ani imati kvalitetnu isporuku toplotne energije \u2013 rekao je Gruji\u0107, a prenose na <a href=\"https:\/\/www.banjaluka.rs.ba\/pred-pocetak-grijne-sezone-predstavnici-grada-posjetili-eko-toplane\/\">sajtu Grada Banjaluka<\/a>.<\/p>\n<p>Iz Eko toplane Banja Luka istakli su da su po\u010dele funkcionalne probe sistema daljinskog grijanja, koje, izme\u0111u ostalog, podrazumijevaju jo\u0161 jednu provjeru kompletnog toplifikacionog sistema uo\u010di po\u010detka nove sezone, kako bi se u narednih nekoliko dana uspostavio redovan re\u017eim isporuke u cijelom gradu.<\/p>\n<p>\u2013 U okviru funkcionalnih proba, danas smo po\u010deli sa sukcesivnom isporukom toplotne energije. S obzirom na nagli pad spolja\u0161nje temperature, sezona grijanja po\u010dinje i prije nego \u0161to su ispunjeni uslovi za zvani\u010dni po\u010detak sezone. Nakon proba, u planu je da od subote, 9. oktobra, sistem grijanja bude u punom kapacitetu, u zavisnosti od spolja\u0161njih temperatura \u2013 naveli su iz ovog preduze\u0107a.<\/p>\n<p>Napominju da prilikom aktiviranja sistema daljinskog grijanja, isporuka ne mo\u017ee biti istovremeno obezbije\u0111ena svim potro\u0161a\u010dima, s obzirom na to da je u pitanju pokretanje kompletnog sistema nakon perioda mirovanja, i da je rije\u010d o kompleksnom procesu, posebno ako se ima u vidu da je distributivna mre\u017ea dotrajala i u lo\u0161em stanju.<\/p>\n<p>Apelovali su na zajednice eta\u017enih vlasnika i pojedina\u010dne korisnike da obrate pa\u017enju na ispravnost zajedni\u010dkih unutra\u0161njih i unutra\u0161njih instalacija, kako bi bila omogu\u0107ena nesmetana isporuka toplotne energije.<\/p>\n","protected":false},"excerpt":{"rendered":"<p>Povodom po\u010detka grijne sezone, predstavnici Grada Banje Luke, predvo\u0111eni \u0161efom Kabineta gradona\u010delnika Vladimirom Gruji\u0107em, posjetili su Eko toplane Banja Luka. &#8211; Pred po\u010detak grijne sezone \u017eeljeli smo da se uvjerimo [&hellip;]<\/p>\n","protected":false},"author":4,"featured_media":4825,"comment_status":"open","ping_status":"closed","sticky":false,"template":"","format":"standard","meta":{"footnotes":"","_links_to":"","_links_to_target":""},"categories":[1],"tags":[],"class_list":["post-4827","post","type-post","status-publish","format-standard","has-post-thumbnail","hentry","category-novosti"],"_links":{"self":[{"href":"https:\/\/ekotoplanebanjaluka.com\/bs\/wp-json\/wp\/v2\/posts\/4827","targetHints":{"allow":["GET"]}}],"collection":[{"href":"https:\/\/ekotoplanebanjaluka.com\/bs\/wp-json\/wp\/v2\/posts"}],"about":[{"href":"https:\/\/ekotoplanebanjaluka.com\/bs\/wp-json\/wp\/v2\/types\/post"}],"author":[{"embeddable":true,"href":"https:\/\/ekotoplanebanjaluka.com\/bs\/wp-json\/wp\/v2\/users\/4"}],"replies":[{"embeddable":true,"href":"https:\/\/ekotoplanebanjaluka.com\/bs\/wp-json\/wp\/v2\/comments?post=4827"}],"version-history":[{"count":1,"href":"https:\/\/ekotoplanebanjaluka.com\/bs\/wp-json\/wp\/v2\/posts\/4827\/revisions"}],"predecessor-version":[{"id":4828,"href":"https:\/\/ekotoplanebanjaluka.com\/bs\/wp-json\/wp\/v2\/posts\/4827\/revisions\/4828"}],"wp:featuredmedia":[{"embeddable":true,"href":"https:\/\/ekotoplanebanjaluka.com\/bs\/wp-json\/wp\/v2\/media\/4825"}],"wp:attachment":[{"href":"https:\/\/ekotoplanebanjaluka.com\/bs\/wp-json\/wp\/v2\/media?parent=4827"}],"wp:term":[{"taxonomy":"category","embeddable":true,"href":"https:\/\/ekotoplanebanjaluka.com\/bs\/wp-json\/wp\/v2\/categories?post=4827"},{"taxonomy":"post_tag","embeddable":true,"href":"https:\/\/ekotoplanebanjaluka.com\/bs\/wp-json\/wp\/v2\/tags?post=4827"}],"curies":[{"name":"wp","href":"https:\/\/api.w.org\/{rel}","templated":true}]}}